{"id":12,"date":"2015-04-09T16:12:50","date_gmt":"2015-04-09T16:12:50","guid":{"rendered":"http:\/\/jmaeassociados.com\/?p=12"},"modified":"2015-04-15T09:42:56","modified_gmt":"2015-04-15T09:42:56","slug":"joao-magalhaes-comenta-video-de-angelico-vieira-em-excesso-de-velocidade","status":"publish","type":"post","link":"https:\/\/jmaeassociados.com\/?p=12","title":{"rendered":"Jo\u00e3o Magalh\u00e3es comenta v\u00eddeo de Ang\u00e9lico Vieira em excesso de velocidade"},"content":{"rendered":"<p>Foi divulgado um v\u00eddeo de Ang\u00e9lico Vieira a conduzir a 210 km\/h, apenas com uma m\u00e3o ao volante, enquanto o pr\u00f3prio se filmava. O v\u00eddeo foi realizado um m\u00eas antes do acidente que vitimou o cantor, ator e modelo. Perante isto, Jo\u00e3o Magalh\u00e3es, advogado do stand Impocar, a que a fam\u00edlia de Ang\u00e9lico exige 134 500 euros, afirma: este &#8220;v\u00eddeo prova o comportamento que Ang\u00e9lico tinha \u00e0 data do acidente. Gostava de desafiar a vida&#8221;.<\/p>\n","protected":false},"excerpt":{"rendered":"<p>Foi divulgado um v\u00eddeo de Ang\u00e9lico Vieira a conduzir a 210 km\/h, apenas com uma m\u00e3o ao volante, enquanto o pr\u00f3prio se filmava. O v\u00eddeo foi realizado um m\u00eas antes do acidente que vitimou o cantor, ator e modelo. Perante isto, Jo\u00e3o Magalh\u00e3es, advogado do stand Impocar, a que a fam\u00edlia de Ang\u00e9lico exige 134 &hellip; <a href=\"https:\/\/jmaeassociados.com\/?p=12\" class=\"more-link\">Continuar a ler <span class=\"screen-reader-text\">Jo\u00e3o Magalh\u00e3es comenta v\u00eddeo de Ang\u00e9lico Vieira em excesso de velocidade<\/span><\/a><\/p>\n","protected":false},"author":1,"featured_media":74,"comment_status":"open","ping_status":"open","sticky":false,"template":"","format":"standard","meta":{"inline_featured_image":false,"footnotes":""},"categories":[1],"tags":[],"class_list":["post-12","post","type-post","status-publish","format-standard","has-post-thumbnail","hentry","category-uncategorized"],"yoast_head":"<!-- This site is optimized with the Yoast SEO plugin v15.7 - https:\/\/yoast.com\/wordpress\/plugins\/seo\/ -->\n<title>Jo\u00e3o Magalh\u00e3es comenta v\u00eddeo de Ang\u00e9lico Vieira em excesso de velocidade - JO\u00c3O MAGALH\u00c3ES ADVOGADO<\/title>\n<meta name=\"robots\" content=\"index, follow, max-snippet:-1, max-image-preview:large, max-video-preview:-1\" \/>\n<link rel=\"canonical\" href=\"https:\/\/jmaeassociados.com\/?p=12\" \/>\n<meta property=\"og:locale\" content=\"pt_PT\" \/>\n<meta property=\"og:type\" content=\"article\" \/>\n<meta property=\"og:title\" content=\"Jo\u00e3o Magalh\u00e3es comenta v\u00eddeo de Ang\u00e9lico Vieira em excesso de velocidade - JO\u00c3O MAGALH\u00c3ES ADVOGADO\" \/>\n<meta property=\"og:description\" content=\"Foi divulgado um v\u00eddeo de Ang\u00e9lico Vieira a conduzir a 210 km\/h, apenas com uma m\u00e3o ao volante, enquanto o pr\u00f3prio se filmava. O v\u00eddeo foi realizado um m\u00eas antes do acidente que vitimou o cantor, ator e modelo. Perante isto, Jo\u00e3o Magalh\u00e3es, advogado do stand Impocar, a que a fam\u00edlia de Ang\u00e9lico exige 134 &hellip; Continuar a ler Jo\u00e3o Magalh\u00e3es comenta v\u00eddeo de Ang\u00e9lico Vieira em excesso de velocidade\" \/>\n<meta property=\"og:url\" content=\"https:\/\/jmaeassociados.com\/?p=12\" \/>\n<meta property=\"og:site_name\" content=\"JO\u00c3O MAGALH\u00c3ES ADVOGADO\" \/>\n<meta property=\"article:published_time\" content=\"2015-04-09T16:12:50+00:00\" \/>\n<meta property=\"article:modified_time\" content=\"2015-04-15T09:42:56+00:00\" \/>\n<meta property=\"og:image\" content=\"https:\/\/jmaeassociados.com\/wp-content\/uploads\/2015\/04\/jmaa_noticia01.jpg\" \/>\n\t<meta property=\"og:image:width\" content=\"420\" \/>\n\t<meta property=\"og:image:height\" content=\"270\" \/>\n<meta name=\"twitter:card\" content=\"summary_large_image\" \/>\n<script type=\"application\/ld+json\" class=\"yoast-schema-graph\">{\"@context\":\"https:\/\/schema.org\",\"@graph\":[{\"@type\":\"Organization\",\"@id\":\"https:\/\/jmaeassociados.com\/#organization\",\"name\":\"JO\\u00c3O MAGALH\\u00c3ES ADVOGADO, RL\",\"url\":\"https:\/\/jmaeassociados.com\/\",\"sameAs\":[],\"logo\":{\"@type\":\"ImageObject\",\"@id\":\"https:\/\/jmaeassociados.com\/#logo\",\"inLanguage\":\"pt-PT\",\"url\":\"https:\/\/jmaeassociados.com\/wp-content\/uploads\/2021\/01\/jmaa_logotipo.jpg\",\"width\":1280,\"height\":1280,\"caption\":\"JO\\u00c3O MAGALH\\u00c3ES ADVOGADO, RL\"},\"image\":{\"@id\":\"https:\/\/jmaeassociados.com\/#logo\"}},{\"@type\":\"WebSite\",\"@id\":\"https:\/\/jmaeassociados.com\/#website\",\"url\":\"https:\/\/jmaeassociados.com\/\",\"name\":\"JO\\u00c3O MAGALH\\u00c3ES ADVOGADO\",\"description\":\"Escrit\\u00f3rio de refer\\u00eancia n\\u00e3o s\\u00f3 na regi\\u00e3o norte do pa\\u00eds, como tamb\\u00e9m a n\\u00edvel nacional.\",\"publisher\":{\"@id\":\"https:\/\/jmaeassociados.com\/#organization\"},\"potentialAction\":[{\"@type\":\"SearchAction\",\"target\":\"https:\/\/jmaeassociados.com\/?s={search_term_string}\",\"query-input\":\"required name=search_term_string\"}],\"inLanguage\":\"pt-PT\"},{\"@type\":\"ImageObject\",\"@id\":\"https:\/\/jmaeassociados.com\/?p=12#primaryimage\",\"inLanguage\":\"pt-PT\",\"url\":\"https:\/\/jmaeassociados.com\/wp-content\/uploads\/2015\/04\/jmaa_noticia01.jpg\",\"width\":420,\"height\":270},{\"@type\":\"WebPage\",\"@id\":\"https:\/\/jmaeassociados.com\/?p=12#webpage\",\"url\":\"https:\/\/jmaeassociados.com\/?p=12\",\"name\":\"Jo\\u00e3o Magalh\\u00e3es comenta v\\u00eddeo de Ang\\u00e9lico Vieira em excesso de velocidade - JO\\u00c3O MAGALH\\u00c3ES ADVOGADO\",\"isPartOf\":{\"@id\":\"https:\/\/jmaeassociados.com\/#website\"},\"primaryImageOfPage\":{\"@id\":\"https:\/\/jmaeassociados.com\/?p=12#primaryimage\"},\"datePublished\":\"2015-04-09T16:12:50+00:00\",\"dateModified\":\"2015-04-15T09:42:56+00:00\",\"inLanguage\":\"pt-PT\",\"potentialAction\":[{\"@type\":\"ReadAction\",\"target\":[\"https:\/\/jmaeassociados.com\/?p=12\"]}]},{\"@type\":\"Article\",\"@id\":\"https:\/\/jmaeassociados.com\/?p=12#article\",\"isPartOf\":{\"@id\":\"https:\/\/jmaeassociados.com\/?p=12#webpage\"},\"author\":{\"@id\":\"https:\/\/jmaeassociados.com\/#\/schema\/person\/3564e240fedfb5113ce6f925997618b3\"},\"headline\":\"Jo\\u00e3o Magalh\\u00e3es comenta v\\u00eddeo de Ang\\u00e9lico Vieira em excesso de velocidade\",\"datePublished\":\"2015-04-09T16:12:50+00:00\",\"dateModified\":\"2015-04-15T09:42:56+00:00\",\"mainEntityOfPage\":{\"@id\":\"https:\/\/jmaeassociados.com\/?p=12#webpage\"},\"publisher\":{\"@id\":\"https:\/\/jmaeassociados.com\/#organization\"},\"image\":{\"@id\":\"https:\/\/jmaeassociados.com\/?p=12#primaryimage\"},\"articleSection\":\"Uncategorized\",\"inLanguage\":\"pt-PT\"},{\"@type\":\"Person\",\"@id\":\"https:\/\/jmaeassociados.com\/#\/schema\/person\/3564e240fedfb5113ce6f925997618b3\",\"name\":\"studium\",\"image\":{\"@type\":\"ImageObject\",\"@id\":\"https:\/\/jmaeassociados.com\/#personlogo\",\"inLanguage\":\"pt-PT\",\"url\":\"https:\/\/secure.gravatar.com\/avatar\/b79ecfdff967f9916e2583e2045e27e6?s=96&d=mm&r=g\",\"caption\":\"studium\"}}]}<\/script>\n<!-- \/ Yoast SEO plugin. -->","_links":{"self":[{"href":"https:\/\/jmaeassociados.com\/index.php?rest_route=\/wp\/v2\/posts\/12","targetHints":{"allow":["GET"]}}],"collection":[{"href":"https:\/\/jmaeassociados.com\/index.php?rest_route=\/wp\/v2\/posts"}],"about":[{"href":"https:\/\/jmaeassociados.com\/index.php?rest_route=\/wp\/v2\/types\/post"}],"author":[{"embeddable":true,"href":"https:\/\/jmaeassociados.com\/index.php?rest_route=\/wp\/v2\/users\/1"}],"replies":[{"embeddable":true,"href":"https:\/\/jmaeassociados.com\/index.php?rest_route=%2Fwp%2Fv2%2Fcomments&post=12"}],"version-history":[{"count":1,"href":"https:\/\/jmaeassociados.com\/index.php?rest_route=\/wp\/v2\/posts\/12\/revisions"}],"predecessor-version":[{"id":13,"href":"https:\/\/jmaeassociados.com\/index.php?rest_route=\/wp\/v2\/posts\/12\/revisions\/13"}],"wp:featuredmedia":[{"embeddable":true,"href":"https:\/\/jmaeassociados.com\/index.php?rest_route=\/wp\/v2\/media\/74"}],"wp:attachment":[{"href":"https:\/\/jmaeassociados.com\/index.php?rest_route=%2Fwp%2Fv2%2Fmedia&parent=12"}],"wp:term":[{"taxonomy":"category","embeddable":true,"href":"https:\/\/jmaeassociados.com\/index.php?rest_route=%2Fwp%2Fv2%2Fcategories&post=12"},{"taxonomy":"post_tag","embeddable":true,"href":"https:\/\/jmaeassociados.com\/index.php?rest_route=%2Fwp%2Fv2%2Ftags&post=12"}],"curies":[{"name":"wp","href":"https:\/\/api.w.org\/{rel}","templated":true}]}}