{"id":9,"date":"2015-04-09T16:12:23","date_gmt":"2015-04-09T16:12:23","guid":{"rendered":"http:\/\/jmaeassociados.com\/?p=9"},"modified":"2017-07-06T11:23:44","modified_gmt":"2017-07-06T11:23:44","slug":"tribunal-de-braga-anula-multas-de-portagens","status":"publish","type":"post","link":"https:\/\/jmaeassociados.com\/?p=9","title":{"rendered":"Tribunal de Braga anula multas de portagens"},"content":{"rendered":"<p>O Tribunal Administrativo e Fiscal de Braga anulou multas de portagens, depois do registo de v\u00e1rios casos em que as d\u00edvidas iniciais dos condutores passaram a milhares de euros. O advogado Jo\u00e3o Magalh\u00e3es concordou com a decis\u00e3o, defendendo que se pode aplicar a bastantes casos que est\u00e3o nos tribunais.<\/p>\n","protected":false},"excerpt":{"rendered":"<p>O Tribunal Administrativo e Fiscal de Braga anulou multas de portagens, depois do registo de v\u00e1rios casos em que as d\u00edvidas iniciais dos condutores passaram a milhares de euros. O advogado Jo\u00e3o Magalh\u00e3es concordou com a decis\u00e3o, defendendo que se pode aplicar a bastantes casos que est\u00e3o nos tribunais.<\/p>\n","protected":false},"author":1,"featured_media":75,"comment_status":"closed","ping_status":"closed","sticky":false,"template":"","format":"standard","meta":{"inline_featured_image":false,"footnotes":""},"categories":[1],"tags":[],"class_list":["post-9","post","type-post","status-publish","format-standard","has-post-thumbnail","hentry","category-uncategorized"],"yoast_head":"<!-- This site is optimized with the Yoast SEO plugin v15.7 - https:\/\/yoast.com\/wordpress\/plugins\/seo\/ -->\n<title>Tribunal de Braga anula multas de portagens - JO\u00c3O MAGALH\u00c3ES ADVOGADO<\/title>\n<meta name=\"robots\" content=\"index, follow, max-snippet:-1, max-image-preview:large, max-video-preview:-1\" \/>\n<link rel=\"canonical\" href=\"https:\/\/jmaeassociados.com\/?p=9\" \/>\n<meta property=\"og:locale\" content=\"pt_PT\" \/>\n<meta property=\"og:type\" content=\"article\" \/>\n<meta property=\"og:title\" content=\"Tribunal de Braga anula multas de portagens - JO\u00c3O MAGALH\u00c3ES ADVOGADO\" \/>\n<meta property=\"og:description\" content=\"O Tribunal Administrativo e Fiscal de Braga anulou multas de portagens, depois do registo de v\u00e1rios casos em que as d\u00edvidas iniciais dos condutores passaram a milhares de euros. O advogado Jo\u00e3o Magalh\u00e3es concordou com a decis\u00e3o, defendendo que se pode aplicar a bastantes casos que est\u00e3o nos tribunais.\" \/>\n<meta property=\"og:url\" content=\"https:\/\/jmaeassociados.com\/?p=9\" \/>\n<meta property=\"og:site_name\" content=\"JO\u00c3O MAGALH\u00c3ES ADVOGADO\" \/>\n<meta property=\"article:published_time\" content=\"2015-04-09T16:12:23+00:00\" \/>\n<meta property=\"article:modified_time\" content=\"2017-07-06T11:23:44+00:00\" \/>\n<meta property=\"og:image\" content=\"https:\/\/jmaeassociados.com\/wp-content\/uploads\/2015\/04\/jmaa_noticia03.jpg\" \/>\n\t<meta property=\"og:image:width\" content=\"420\" \/>\n\t<meta property=\"og:image:height\" content=\"270\" \/>\n<meta name=\"twitter:card\" content=\"summary_large_image\" \/>\n<script type=\"application\/ld+json\" class=\"yoast-schema-graph\">{\"@context\":\"https:\/\/schema.org\",\"@graph\":[{\"@type\":\"Organization\",\"@id\":\"https:\/\/jmaeassociados.com\/#organization\",\"name\":\"JO\\u00c3O MAGALH\\u00c3ES ADVOGADO, RL\",\"url\":\"https:\/\/jmaeassociados.com\/\",\"sameAs\":[],\"logo\":{\"@type\":\"ImageObject\",\"@id\":\"https:\/\/jmaeassociados.com\/#logo\",\"inLanguage\":\"pt-PT\",\"url\":\"https:\/\/jmaeassociados.com\/wp-content\/uploads\/2021\/01\/jmaa_logotipo.jpg\",\"width\":1280,\"height\":1280,\"caption\":\"JO\\u00c3O MAGALH\\u00c3ES ADVOGADO, RL\"},\"image\":{\"@id\":\"https:\/\/jmaeassociados.com\/#logo\"}},{\"@type\":\"WebSite\",\"@id\":\"https:\/\/jmaeassociados.com\/#website\",\"url\":\"https:\/\/jmaeassociados.com\/\",\"name\":\"JO\\u00c3O MAGALH\\u00c3ES ADVOGADO\",\"description\":\"Escrit\\u00f3rio de refer\\u00eancia n\\u00e3o s\\u00f3 na regi\\u00e3o norte do pa\\u00eds, como tamb\\u00e9m a n\\u00edvel nacional.\",\"publisher\":{\"@id\":\"https:\/\/jmaeassociados.com\/#organization\"},\"potentialAction\":[{\"@type\":\"SearchAction\",\"target\":\"https:\/\/jmaeassociados.com\/?s={search_term_string}\",\"query-input\":\"required name=search_term_string\"}],\"inLanguage\":\"pt-PT\"},{\"@type\":\"ImageObject\",\"@id\":\"https:\/\/jmaeassociados.com\/?p=9#primaryimage\",\"inLanguage\":\"pt-PT\",\"url\":\"https:\/\/jmaeassociados.com\/wp-content\/uploads\/2015\/04\/jmaa_noticia03.jpg\",\"width\":420,\"height\":270},{\"@type\":\"WebPage\",\"@id\":\"https:\/\/jmaeassociados.com\/?p=9#webpage\",\"url\":\"https:\/\/jmaeassociados.com\/?p=9\",\"name\":\"Tribunal de Braga anula multas de portagens - JO\\u00c3O MAGALH\\u00c3ES ADVOGADO\",\"isPartOf\":{\"@id\":\"https:\/\/jmaeassociados.com\/#website\"},\"primaryImageOfPage\":{\"@id\":\"https:\/\/jmaeassociados.com\/?p=9#primaryimage\"},\"datePublished\":\"2015-04-09T16:12:23+00:00\",\"dateModified\":\"2017-07-06T11:23:44+00:00\",\"inLanguage\":\"pt-PT\",\"potentialAction\":[{\"@type\":\"ReadAction\",\"target\":[\"https:\/\/jmaeassociados.com\/?p=9\"]}]},{\"@type\":\"Article\",\"@id\":\"https:\/\/jmaeassociados.com\/?p=9#article\",\"isPartOf\":{\"@id\":\"https:\/\/jmaeassociados.com\/?p=9#webpage\"},\"author\":{\"@id\":\"https:\/\/jmaeassociados.com\/#\/schema\/person\/3564e240fedfb5113ce6f925997618b3\"},\"headline\":\"Tribunal de Braga anula multas de portagens\",\"datePublished\":\"2015-04-09T16:12:23+00:00\",\"dateModified\":\"2017-07-06T11:23:44+00:00\",\"mainEntityOfPage\":{\"@id\":\"https:\/\/jmaeassociados.com\/?p=9#webpage\"},\"publisher\":{\"@id\":\"https:\/\/jmaeassociados.com\/#organization\"},\"image\":{\"@id\":\"https:\/\/jmaeassociados.com\/?p=9#primaryimage\"},\"articleSection\":\"Uncategorized\",\"inLanguage\":\"pt-PT\"},{\"@type\":\"Person\",\"@id\":\"https:\/\/jmaeassociados.com\/#\/schema\/person\/3564e240fedfb5113ce6f925997618b3\",\"name\":\"studium\",\"image\":{\"@type\":\"ImageObject\",\"@id\":\"https:\/\/jmaeassociados.com\/#personlogo\",\"inLanguage\":\"pt-PT\",\"url\":\"https:\/\/secure.gravatar.com\/avatar\/b79ecfdff967f9916e2583e2045e27e6?s=96&d=mm&r=g\",\"caption\":\"studium\"}}]}<\/script>\n<!-- \/ Yoast SEO plugin. -->","_links":{"self":[{"href":"https:\/\/jmaeassociados.com\/index.php?rest_route=\/wp\/v2\/posts\/9","targetHints":{"allow":["GET"]}}],"collection":[{"href":"https:\/\/jmaeassociados.com\/index.php?rest_route=\/wp\/v2\/posts"}],"about":[{"href":"https:\/\/jmaeassociados.com\/index.php?rest_route=\/wp\/v2\/types\/post"}],"author":[{"embeddable":true,"href":"https:\/\/jmaeassociados.com\/index.php?rest_route=\/wp\/v2\/users\/1"}],"replies":[{"embeddable":true,"href":"https:\/\/jmaeassociados.com\/index.php?rest_route=%2Fwp%2Fv2%2Fcomments&post=9"}],"version-history":[{"count":2,"href":"https:\/\/jmaeassociados.com\/index.php?rest_route=\/wp\/v2\/posts\/9\/revisions"}],"predecessor-version":[{"id":206,"href":"https:\/\/jmaeassociados.com\/index.php?rest_route=\/wp\/v2\/posts\/9\/revisions\/206"}],"wp:featuredmedia":[{"embeddable":true,"href":"https:\/\/jmaeassociados.com\/index.php?rest_route=\/wp\/v2\/media\/75"}],"wp:attachment":[{"href":"https:\/\/jmaeassociados.com\/index.php?rest_route=%2Fwp%2Fv2%2Fmedia&parent=9"}],"wp:term":[{"taxonomy":"category","embeddable":true,"href":"https:\/\/jmaeassociados.com\/index.php?rest_route=%2Fwp%2Fv2%2Fcategories&post=9"},{"taxonomy":"post_tag","embeddable":true,"href":"https:\/\/jmaeassociados.com\/index.php?rest_route=%2Fwp%2Fv2%2Ftags&post=9"}],"curies":[{"name":"wp","href":"https:\/\/api.w.org\/{rel}","templated":true}]}}